[{"command":"add_css","data":[{"rel":"stylesheet","media":"all","href":"\/\/api.tiles.mapbox.com\/mapbox-gl-js\/v0.53.1\/mapbox-gl.css"},{"rel":"stylesheet","media":"all","href":"\/sites\/default\/files\/css\/css_nrguE-U6pKTwcpDG-d04C6na6wk_UuzBCNvn0-T-A6M.css?delta=1\u0026language=fr\u0026theme=vdlg\u0026include=eJwrziyJTyzI1C-G0HrJiUUlqWWZqeV6Ofn5BZk6ZSk56frF5ZkFqUUAdGAQ7Q"}]},{"command":"add_js","selector":"body","data":[{"src":"\/sites\/default\/files\/js\/js_27SCiUXh-E9QoBPupLKE7_CBKVF5EF_sZGLL8vDvXrg.js?scope=footer\u0026delta=0\u0026language=fr\u0026theme=vdlg\u0026include=eJxLTcksydcvzslMSS3SKc4s0S9IzEvNiS9KLU4EAJLaCo0"},{"src":"\/\/api.tiles.mapbox.com\/mapbox-gl-js\/v0.53.1\/mapbox-gl.js"},{"src":"\/sites\/default\/files\/js\/js_trJvTlVrx6VLZx4MhvANmI4QCPxpuV6MjPVTSuGGYhc.js?scope=footer\u0026delta=2\u0026language=fr\u0026theme=vdlg\u0026include=eJxLTcksydcvzslMSS3SKc4s0S9IzEvNiS9KLU4EAJLaCo0"}]},{"command":"insert","method":"append","selector":"body","data":"\u003Cdiv\u003E\n    \u003Cdiv id=\u0022panel-reserver\u0022\u003E\n        \u003Cdiv class=\u0022overlay-alpha\u0022\u003E\u003C\/div\u003E\n        \u003Cdiv class=\u0022content\u0022\u003E\n            \u003Cdiv id=\u0022close-reservation\u0022 class=\u0022close-icon\u0022\u003E\u003C\/div\u003E\n            \u003Cdiv class=\u0022text-center\u0022\u003E\n                \u003Cdiv class=\u0022titre\u0022\u003EContacter\u003C\/div\u003E\n                                \u003Cdiv class=\u0022d-none d-sm-inline-block localisation\u0022\u003EQuinci\u00e9-en-Beaujolais\u003C\/div\u003E            \u003C\/div\u003E\n                            \u003Cdiv class=\u0022d-none d-sm-block caracteristiques\u0022\u003E\n                    \u003Cdiv class=\u0022row justify-content-sm-center\u0022\u003E\n                                                                            \u003Cdiv class=\u0022col-6\u0022\u003E\u003Cdiv class=\u0022caracteristique tarif\u0022\u003E\u003Cspan\u003ETarif\u003C\/span\u003E\n Cuv\u00e9es de F\u00eates : Vins de copains, jeunes, fruit\u00e9s et remplis de l\u00e9g\u00e8ret\u00e9 - Entre 7 et 9 \u20ac\r\n\r\nCuv\u00e9es de Caract\u00e8re : Vins de terroir, authentiques, structur\u00e9s, parcellaires alliant plaisir et simplicit\u00e9 ; chic et d\u00e9contract\u00e9 - Entre 11 et 14 \u20ac\r\n\r\nCuv\u00e9es d\u0026#039;Exception : Vins travaill\u00e9s sur de petites parcelles, en vieilles vignes, pointe d\u2019originalit\u00e9 dans la vinification et l\u2019\u00e9levage. Vins de prestige, subtil et d\u00e9licat - Entre 11 et 20 \u20ac\r\n\r\nLes D\u00e9lices de Sophie : Pour les amoureux des bonnes choses, Sophie met \u00e0 l\u2019honneur des d\u00e9lices sucr\u00e9s ou sal\u00e9s, tous plus savoureux et gourmands les uns que les autres, travaill\u00e9s \u00e0 partir de raisins en c\u00e9page Gamay ou Chardonnay - Entre 4 et 12 \u20ac.\u003C\/div\u003E\u003C\/div\u003E\n                                            \u003C\/div\u003E\n                \u003C\/div\u003E\n                        \u003Cdiv class=\u0022infos-contact text-center\u0022\u003E\n                \u003Cdiv class=\u0022d-sm-inline-block\u0022\u003E\u003Ca href=\u0022tel:04 74 04 33 29\u0022 class=\u0022bouton bg-rouge small-padding iconmask-tel\u0022\u003E04 74 04 33 29\u003C\/a\u003E\u003C\/div\u003E                \u003Cdiv class=\u0022d-sm-inline-block\u0022\u003E\u003Ca href=\u0022\/objet_touristique\/190\/contact\u0022 target=\u0022_blank\u0022 class=\u0022bouton bg-rouge small-padding iconmask-mail\u0022\u003EPar email\u003C\/a\u003E\u003C\/div\u003E            \u003C\/div\u003E\n                            \u003Cdiv class=\u0022d-none d-sm-block cross-content\u0022\u003E\n                    \u003Cdiv class=\u0022row\u0022\u003E\n                        \u003Cdiv class=\u0022col-8\u0022\u003E\n                            \u003Ch2 class=\u0022uppercase very-small\u0022\u003ELes offres \u00e0 proximit\u00e9\u003C\/h2\u003E\n                        \u003C\/div\u003E\n                        \u003Cdiv class=\u0022col-4 toggle-carte\u0022\u003E\n                            \u003Ca id=\u0022btn-toggle-carte\u0022 class=\u0022d-inline-block\u0022 href=\u0022#\u0022\u003E\u003C\/a\u003E\n                        \u003C\/div\u003E\n                    \u003C\/div\u003E\n                    \u003Cdiv class=\u0022content-carte\u0022\u003E\u003Cdiv id=\u0022carte-loopi-resa\u0022 class=\u0022carte-loopi\u0022\u003E\u003C\/div\u003E\u003C\/div\u003E\n                    \u003Cdiv\u003E\n    \u003Cdiv data-autoplay=\u0022false\u0022 data-slidesPerView=\u0022auto\u0022 data-spaceBetween=\u002220\u0022 data-breakpoints=\u0022{\u0026quot;768\u0026quot;:{\u0026quot;slidesPerView\u0026quot;:2}}\u0022 data-centeredSlides=\u0022false\u0022 data-loop=\u0022false\u0022 data-slidesOffsetBefore=\u00220\u0022 data-slidesOffsetAfter=\u00220\u0022 data-navigation=\u0022true\u0022 data-pagination=\u0022false\u0022 data-paginationMobileAndNavigationDesktop=\u0022false\u0022 class=\u0022slider\u0022\u003E\n        \u003Cdiv class=\u0022slider-wrapper\u0022\u003E\n            \u003Cdiv class=\u0022swiper-container \u0022\u003E\n                \u003Cdiv class=\u0022swiper-wrapper\u0022\u003E\n                    \u003Cdiv class=\u0022swiper-slide\u0022\u003E\u003Cdiv class=\u0022objet-touristique teaser node-objet-listing click-block\u0022 data-id=\u0022101828\u0022 data-title=\u0022Ferme Auberge du Vernat\u0022 data-id-intuitiv=\u0022sit-101828\u0022 data-url=\u0022\/nos-offres\/ferme-auberge-du-vernat\u0022\u003E\n    \n    \n    \u003Cdiv class=\u0022content\u0022\u003E\n        \u003Cdiv class=\u0022image-content\u0022\u003E\n            \u003Cdiv class=\u0022image\u0022\u003E    \u003Cpicture\u003E\n                  \u003Csource srcset=\u0022\/sites\/default\/files\/styles\/284x350\/public\/sit\/images\/101828\/38996558.jpg.webp?h=a2b7f8c1\u0026amp;itok=cHZakHkB 1x\u0022 media=\u0022(min-width: 992px)\u0022 type=\u0022image\/webp\u0022 width=\u0022284\u0022 height=\u0022350\u0022\/\u003E\n                  \u003Cimg loading=\u0022lazy\u0022 width=\u0022350\u0022 height=\u0022210\u0022 src=\u0022\/sites\/default\/files\/styles\/350x210\/public\/sit\/images\/101828\/38996558.jpg.webp?h=a2b7f8c1\u0026amp;itok=jdMAWgCz\u0022 alt=\u0022Ferme Auberge du Vernat_Saint-Appolinard\u0022 title=\u0022Ferme Auberge du Vernat\u0022 \/\u003E\n\n  \u003C\/picture\u003E\n\n\u003C\/div\u003E\n                    \u003C\/div\u003E\n        \u003Cdiv class=\u0022text-content\u0022\u003E\n                            \u003Cdiv class=\u0022categorie\u0022\u003ERestaurants et auberges\u003C\/div\u003E\n                        \u003Cdiv class=\u0022title\u0022\u003E\u003Ca class=\u0022link-block\u0022 href=\u0022\/nos-offres\/ferme-auberge-du-vernat\u0022\u003EFerme Auberge du Vernat\u003C\/a\u003E\u003C\/div\u003E\n                            \u003Cdiv class=\u0022localisation\u0022\u003ESaint-Appolinard\u003C\/div\u003E\n                    \u003C\/div\u003E\n    \u003C\/div\u003E\n\u003C\/div\u003E\n\u003C\/div\u003E\u003Cdiv class=\u0022swiper-slide\u0022\u003E\u003Cdiv class=\u0022objet-touristique teaser node-objet-listing click-block\u0022 data-id=\u0022103063\u0022 data-title=\u0022Domaine des Pampres d\u0026#039;Or - Vignoble Perras\u0022 data-id-intuitiv=\u0022sit-103063\u0022 data-url=\u0022\/nos-offres\/domaine-des-pampres-d-or-vignoble-perras\u0022\u003E\n    \n    \n    \u003Cdiv class=\u0022content\u0022\u003E\n        \u003Cdiv class=\u0022image-content\u0022\u003E\n            \u003Cdiv class=\u0022image\u0022\u003E    \u003Cpicture\u003E\n                  \u003Csource srcset=\u0022\/sites\/default\/files\/styles\/284x350\/public\/sit\/images\/103063\/37975990.jpg.webp?h=ddb1ad0c\u0026amp;itok=SUux0UVn 1x\u0022 media=\u0022(min-width: 992px)\u0022 type=\u0022image\/webp\u0022 width=\u0022284\u0022 height=\u0022350\u0022\/\u003E\n                  \u003Cimg loading=\u0022lazy\u0022 width=\u0022350\u0022 height=\u0022210\u0022 src=\u0022\/sites\/default\/files\/styles\/350x210\/public\/sit\/images\/103063\/37975990.jpg.webp?h=ddb1ad0c\u0026amp;itok=2sDufzDZ\u0022 alt=\u0022B\u00e9reng\u00e8re et Julien caveau perras\u0022 title=\u0022Domaine des Pampres d\u0026#039;Or - Vignoble Perras\u0022 \/\u003E\n\n  \u003C\/picture\u003E\n\n\u003C\/div\u003E\n                    \u003C\/div\u003E\n        \u003Cdiv class=\u0022text-content\u0022\u003E\n                            \u003Cdiv class=\u0022categorie\u0022\u003EDomaines viticoles et caves\u003C\/div\u003E\n                        \u003Cdiv class=\u0022title\u0022\u003E\u003Ca class=\u0022link-block\u0022 href=\u0022\/nos-offres\/domaine-des-pampres-d-or-vignoble-perras\u0022\u003EDomaine des Pampres d\u0026#039;Or - Vignoble Perras\u003C\/a\u003E\u003C\/div\u003E\n                            \u003Cdiv class=\u0022localisation\u0022\u003ESaint-Germain-Nuelles\u003C\/div\u003E\n                    \u003C\/div\u003E\n    \u003C\/div\u003E\n\u003C\/div\u003E\n\u003C\/div\u003E\u003Cdiv class=\u0022swiper-slide\u0022\u003E\u003Cdiv class=\u0022objet-touristique teaser node-objet-listing click-block\u0022 data-id=\u0022103459\u0022 data-title=\u0022Domaine Verzier\u0022 data-id-intuitiv=\u0022sit-103459\u0022 data-url=\u0022\/nos-offres\/domaine-verzier\u0022\u003E\n    \n    \n    \u003Cdiv class=\u0022content\u0022\u003E\n        \u003Cdiv class=\u0022image-content\u0022\u003E\n            \u003Cdiv class=\u0022image\u0022\u003E    \u003Cpicture\u003E\n                  \u003Csource srcset=\u0022\/sites\/default\/files\/styles\/284x350\/public\/sit\/images\/103459\/37401314.jpg.webp?h=199d8c1f\u0026amp;itok=c62MeUpy 1x\u0022 media=\u0022(min-width: 992px)\u0022 type=\u0022image\/webp\u0022 width=\u0022284\u0022 height=\u0022350\u0022\/\u003E\n                  \u003Cimg loading=\u0022lazy\u0022 width=\u0022350\u0022 height=\u0022210\u0022 src=\u0022\/sites\/default\/files\/styles\/350x210\/public\/sit\/images\/103459\/37401314.jpg.webp?h=199d8c1f\u0026amp;itok=Gm5wW1CW\u0022 alt=\u0022Caveau\u0022 title=\u0022Domaine Verzier\u0022 \/\u003E\n\n  \u003C\/picture\u003E\n\n\u003C\/div\u003E\n                    \u003C\/div\u003E\n        \u003Cdiv class=\u0022text-content\u0022\u003E\n                            \u003Cdiv class=\u0022categorie\u0022\u003EDomaines viticoles et caves\u003C\/div\u003E\n                        \u003Cdiv class=\u0022title\u0022\u003E\u003Ca class=\u0022link-block\u0022 href=\u0022\/nos-offres\/domaine-verzier\u0022\u003EDomaine Verzier\u003C\/a\u003E\u003C\/div\u003E\n                            \u003Cdiv class=\u0022localisation\u0022\u003EChavanay\u003C\/div\u003E\n                    \u003C\/div\u003E\n    \u003C\/div\u003E\n\u003C\/div\u003E\n\u003C\/div\u003E                \u003C\/div\u003E\n                \u003Cdiv class=\u0022swiper-pagination\u0022\u003E\u003C\/div\u003E\n            \u003C\/div\u003E\n            \u003Cdiv class=\u0022swiper-nav\u0022\u003E\n                \u003Cdiv class=\u0022swiper-button swiper-button-prev\u0022\u003E\u003C\/div\u003E\n                \u003Cdiv class=\u0022swiper-button swiper-button-next\u0022\u003E\u003C\/div\u003E\n            \u003C\/div\u003E\n        \u003C\/div\u003E\n    \u003C\/div\u003E\n\u003C\/div\u003E\n\n                \u003C\/div\u003E\n                    \u003C\/div\u003E\n    \u003C\/div\u003E\n\u003C\/div\u003E\n","settings":null}]